{"id":963,"date":"2016-12-24T18:49:37","date_gmt":"2016-12-24T17:49:37","guid":{"rendered":"http:\/\/localhost:8888\/site\/?p=963"},"modified":"2019-06-11T14:29:04","modified_gmt":"2019-06-11T12:29:04","slug":"journee-hommage-a-linstitut-du-monde-arabe","status":"publish","type":"post","link":"https:\/\/www.cheminsfaisant.org\/site\/2016\/12\/24\/journee-hommage-a-linstitut-du-monde-arabe\/","title":{"rendered":"Journ\u00e9e-Hommage \u00e0 l&rsquo;Institut du Monde Arabe"},"content":{"rendered":"\n<div class=\"wp-block-media-text alignwide\" style=\"grid-template-columns:19% auto\"><figure class=\"wp-block-media-text__media\"><img loading=\"lazy\" decoding=\"async\" width=\"110\" height=\"159\" src=\"https:\/\/www.cheminsfaisant.org\/site\/wp-content\/uploads\/2016\/12\/CRIMA.jpg\" alt=\"\" class=\"wp-image-1367\"\/><\/figure><div class=\"wp-block-media-text__content\">\n<p><strong>En cheminant avec Jacques Lacarri\u00e8re<\/strong><br>Pour comm\u00e9morer les 10 ans de sa disparition, les Jeudis de l\u2019IMA lui ont consacr\u00e9 une journ\u00e9e-hommage, ponctu\u00e9e de d\u00e9bats, lectures et musique.<br>Le Jeudi 10 d\u00e9cembre 2015, de 10h \u00e0 20h30.<br>Voici le compte rendu de cet \u00e9v\u00e9nement<\/p>\n<\/div><\/div>\n\n\n\n<p><strong>Documents en video<\/strong><br>L&rsquo;int\u00e9gralit\u00e9 du colloque-rencontre a \u00e9t\u00e9 film\u00e9e par l&rsquo;IMA : voici le lien pour retrouver les interventions, notamment celles des participants qui n&rsquo;ont pas remis de textes, ayant pr\u00e9f\u00e9r\u00e9 improviser.<\/p>\n\n\n\n<figure class=\"wp-block-embed-youtube wp-block-embed is-type-video is-provider-youtube wp-embed-aspect-16-9 wp-has-aspect-ratio\"><div class=\"wp-block-embed__wrapper\">\n<iframe loading=\"lazy\" title=\"Jeudis de l&#039;IMA - En cheminant avec Jacques Lacarri\u00e8re\" width=\"525\" height=\"295\" src=\"https:\/\/www.youtube.com\/embed\/QimrGgW1_RU?start=2&#038;feature=oembed\" frameborder=\"0\" allow=\"accelerometer; autoplay; clipboard-write; encrypted-media; gyroscope; picture-in-picture; web-share\" referrerpolicy=\"strict-origin-when-cross-origin\" allowfullscreen><\/iframe>\n<\/div><\/figure>\n\n\n\n<div class=\"wp-block-file\"><a href=\"https:\/\/www.cheminsfaisant.org\/site\/wp-content\/uploads\/2019\/06\/IMA-Intervenants.pdf\">Les communications des intervenants et les lectures des ouvrages<\/a><a href=\"https:\/\/www.cheminsfaisant.org\/site\/wp-content\/uploads\/2019\/06\/IMA-Intervenants.pdf\" class=\"wp-block-file__button\" download>T\u00e9l\u00e9charger<\/a><\/div>\n\n\n\n<div class=\"wp-block-file\"><a href=\"https:\/\/www.cheminsfaisant.org\/site\/wp-content\/uploads\/2019\/06\/IMA-Textes.pdf\">Les textes publi\u00e9s en 2015<\/a><a href=\"https:\/\/www.cheminsfaisant.org\/site\/wp-content\/uploads\/2019\/06\/IMA-Textes.pdf\" class=\"wp-block-file__button\" download>T\u00e9l\u00e9charger<\/a><\/div>\n","protected":false},"excerpt":{"rendered":"<p>En cheminant avec Jacques Lacarri\u00e8rePour comm\u00e9morer les 10 ans de sa disparition, les Jeudis de l\u2019IMA lui ont consacr\u00e9 une journ\u00e9e-hommage, ponctu\u00e9e de d\u00e9bats, lectures et musique.Le Jeudi 10 d\u00e9cembre 2015, de 10h \u00e0 20h30.Voici le compte rendu de cet \u00e9v\u00e9nement Documents en videoL&rsquo;int\u00e9gralit\u00e9 du colloque-rencontre a \u00e9t\u00e9 film\u00e9e par l&rsquo;IMA : voici le lien &hellip; <\/p>\n<p class=\"link-more\"><a href=\"https:\/\/www.cheminsfaisant.org\/site\/2016\/12\/24\/journee-hommage-a-linstitut-du-monde-arabe\/\" class=\"more-link\">Continuer la lecture<span class=\"screen-reader-text\"> de &laquo;&nbsp;Journ\u00e9e-Hommage \u00e0 l&rsquo;Institut du Monde Arabe&nbsp;&raquo;<\/span><\/a><\/p>\n","protected":false},"author":1,"featured_media":0,"comment_status":"closed","ping_status":"closed","sticky":false,"template":"","format":"standard","meta":{"footnotes":""},"categories":[18],"tags":[],"class_list":["post-963","post","type-post","status-publish","format-standard","hentry","category-18"],"_links":{"self":[{"href":"https:\/\/www.cheminsfaisant.org\/site\/wp-json\/wp\/v2\/posts\/963","targetHints":{"allow":["GET"]}}],"collection":[{"href":"https:\/\/www.cheminsfaisant.org\/site\/wp-json\/wp\/v2\/posts"}],"about":[{"href":"https:\/\/www.cheminsfaisant.org\/site\/wp-json\/wp\/v2\/types\/post"}],"author":[{"embeddable":true,"href":"https:\/\/www.cheminsfaisant.org\/site\/wp-json\/wp\/v2\/users\/1"}],"replies":[{"embeddable":true,"href":"https:\/\/www.cheminsfaisant.org\/site\/wp-json\/wp\/v2\/comments?post=963"}],"version-history":[{"count":2,"href":"https:\/\/www.cheminsfaisant.org\/site\/wp-json\/wp\/v2\/posts\/963\/revisions"}],"predecessor-version":[{"id":1371,"href":"https:\/\/www.cheminsfaisant.org\/site\/wp-json\/wp\/v2\/posts\/963\/revisions\/1371"}],"wp:attachment":[{"href":"https:\/\/www.cheminsfaisant.org\/site\/wp-json\/wp\/v2\/media?parent=963"}],"wp:term":[{"taxonomy":"category","embeddable":true,"href":"https:\/\/www.cheminsfaisant.org\/site\/wp-json\/wp\/v2\/categories?post=963"},{"taxonomy":"post_tag","embeddable":true,"href":"https:\/\/www.cheminsfaisant.org\/site\/wp-json\/wp\/v2\/tags?post=963"}],"curies":[{"name":"wp","href":"https:\/\/api.w.org\/{rel}","templated":true}]}}