{"id":772,"date":"2012-05-20T22:53:47","date_gmt":"2012-05-20T20:53:47","guid":{"rendered":"http:\/\/localhost:8888\/site\/2019\/05\/20\/vezelay-planter-un-arbre-sur-la-colline\/"},"modified":"2012-05-20T22:53:47","modified_gmt":"2012-05-20T20:53:47","slug":"vezelay-planter-un-arbre-sur-la-colline","status":"publish","type":"post","link":"https:\/\/www.cheminsfaisant.org\/site\/2012\/05\/20\/vezelay-planter-un-arbre-sur-la-colline\/","title":{"rendered":"Vezelay : Planter Un Arbre Sur La Colline"},"content":{"rendered":"<p>\u00ab\u00a0Il faut planter un arbre, au profit d&rsquo;un autre \u00e2ge\u00a0\u00bb<br \/>\nCaecilius Status, po\u00e8te romain, v230-168 av J.C. Pour cl\u00f4turer cette ann\u00e9e de l&rsquo;arbre \u00e0 V\u00e8zelay&#8230;<\/p>\n<p>Planter un arbre sur la colline, autour de la Sainte-Catherine&#8230;<\/p>\n<p>Cet arbre participera \u00e0 l&rsquo;harmonie du lieu.<br \/>\nCette souscription pour l&rsquo;arbre, marquera votre engagement pour un V\u00e9zelay min\u00e9ral certes, mais aussi v\u00e9g\u00e9tal.<\/p>\n<p>Les associations<br \/>\nLES AMIS DE VEZELAY ET DE SA REGION CONVERGENCES,<br \/>\nEt leurs amis,<br \/>\nVous convient \u00e0 planter un arbre<br \/>\nDimanche 2 d\u00e9cembre 2012 \u00e0 16h<br \/>\nTerrasse du Ch\u00e2teau, au chevet de la basilique Accompagn\u00e9s par<br \/>\n<strong>Sylvia Lipia-Lacarri\u00e8re, marraine, et Patrick J.George, parrain.<\/strong><\/p>\n<p>Renseignements<br \/>\nAssociation des Amis de V\u00e9zelay et de sa r\u00e9gion BP 16 89450 V\u00e9zelay www.lesamisdevezelay.fr<br \/>\nAssociation Convergences<br \/>\nc\/o Librairie L\u2019Or des Etoiles<br \/>\n29 rue Saint-Etienne<br \/>\n89450 V\u00e9zelay<br \/>\nT\u00e9l. 03 86 33 30 06<br \/>\nconvergences.vezelay@ordesetoiles.fr<br \/>\nwww.convergences-vezelay.com<\/p>\n<p>Avec la participation des EDITIONS ACTES SUD<\/p>\n","protected":false},"excerpt":{"rendered":"<p>\u00ab\u00a0Il faut planter un arbre, au profit d&rsquo;un autre \u00e2ge\u00a0\u00bb Caecilius Status, po\u00e8te romain, v230-168 av J.C. Pour cl\u00f4turer cette ann\u00e9e de l&rsquo;arbre \u00e0 V\u00e8zelay&#8230; Planter un arbre sur la colline, autour de la Sainte-Catherine&#8230; Cet arbre participera \u00e0 l&rsquo;harmonie du lieu. Cette souscription pour l&rsquo;arbre, marquera votre engagement pour un V\u00e9zelay min\u00e9ral certes, mais &hellip; <\/p>\n<p class=\"link-more\"><a href=\"https:\/\/www.cheminsfaisant.org\/site\/2012\/05\/20\/vezelay-planter-un-arbre-sur-la-colline\/\" class=\"more-link\">Continuer la lecture<span class=\"screen-reader-text\"> de &laquo;&nbsp;Vezelay : Planter Un Arbre Sur La Colline&nbsp;&raquo;<\/span><\/a><\/p>\n","protected":false},"author":1,"featured_media":0,"comment_status":"closed","ping_status":"closed","sticky":false,"template":"","format":"standard","meta":{"footnotes":""},"categories":[11],"tags":[],"class_list":["post-772","post","type-post","status-publish","format-standard","hentry","category-11"],"_links":{"self":[{"href":"https:\/\/www.cheminsfaisant.org\/site\/wp-json\/wp\/v2\/posts\/772","targetHints":{"allow":["GET"]}}],"collection":[{"href":"https:\/\/www.cheminsfaisant.org\/site\/wp-json\/wp\/v2\/posts"}],"about":[{"href":"https:\/\/www.cheminsfaisant.org\/site\/wp-json\/wp\/v2\/types\/post"}],"author":[{"embeddable":true,"href":"https:\/\/www.cheminsfaisant.org\/site\/wp-json\/wp\/v2\/users\/1"}],"replies":[{"embeddable":true,"href":"https:\/\/www.cheminsfaisant.org\/site\/wp-json\/wp\/v2\/comments?post=772"}],"version-history":[{"count":0,"href":"https:\/\/www.cheminsfaisant.org\/site\/wp-json\/wp\/v2\/posts\/772\/revisions"}],"wp:attachment":[{"href":"https:\/\/www.cheminsfaisant.org\/site\/wp-json\/wp\/v2\/media?parent=772"}],"wp:term":[{"taxonomy":"category","embeddable":true,"href":"https:\/\/www.cheminsfaisant.org\/site\/wp-json\/wp\/v2\/categories?post=772"},{"taxonomy":"post_tag","embeddable":true,"href":"https:\/\/www.cheminsfaisant.org\/site\/wp-json\/wp\/v2\/tags?post=772"}],"curies":[{"name":"wp","href":"https:\/\/api.w.org\/{rel}","templated":true}]}}