{"id":771,"date":"2012-05-20T22:53:47","date_gmt":"2012-05-20T20:53:47","guid":{"rendered":"http:\/\/localhost:8888\/site\/2019\/05\/20\/soiree-algerie-a-la-bibliotheque-de-la-chatre\/"},"modified":"2012-05-20T22:53:47","modified_gmt":"2012-05-20T20:53:47","slug":"soiree-algerie-a-la-bibliotheque-de-la-chatre","status":"publish","type":"post","link":"https:\/\/www.cheminsfaisant.org\/site\/2012\/05\/20\/soiree-algerie-a-la-bibliotheque-de-la-chatre\/","title":{"rendered":"Soir\u00e9e Alg\u00e9rie \u00e0 la biblioth\u00e8que de La Ch\u00e2tre"},"content":{"rendered":"<p>Organis\u00e9e \u00e0 l&rsquo;occasion des 50 ans de l&rsquo;Ind\u00e9pendance de l&rsquo;Alg\u00e9rie par <a href=\"http:\/\/www.bib-cclachatrestesevere.net\/bib-cclachatrestesevere.net\/cms\/articleviewselection\/id_module\/14\">la Biblioth\u00e8que de La Ch\u00e2tre<\/a><br \/>\net en partenariat avec la Biblioth\u00e8que d\u00e9patementale de L&rsquo;Indre (Conseil g\u00e9n\u00e9ral de L&rsquo;Indre).<\/p>\n<p>Le Vendredi 30 Novembre 2012<br \/>\n\u00e0 partir de 18h15<br \/>\nAu Ch\u00e2teau d&rsquo;Ars<br \/>\n(\u00e0 4km de La Ch\u00e2tre, commune de Lourouer St Laurent lieu dit \u00ab\u00a0Ars\u00a0\u00bb)<\/p>\n<p><strong>18h15 : Lecture Interactive :<\/strong><br \/>\n\u00ab\u00a0Plaisirs et Saveurs, Mets et Mots du Maghreb\u00a0\u00bb<\/p>\n<p>Interpr\u00e8tes:<br \/>\n<strong>Sylvia Lacarri\u00e8re<\/strong>, com\u00e9dienne<br \/>\nIsabelle Yhuel, r\u00e9alisatrice \u00e0 France Culture, collaboratrice au magazine \u00ab Psychologies \u00bb<br \/>\nFlorence Quentin, journaliste, \u00e9crivain, \u00e9gyptologue, conf\u00e9renci\u00e8re sp\u00e9cialiste Mythes et religions<br \/>\nJean-Fan\u00e7ois H\u00e9ckl\u00e9, com\u00e9dien<br \/>\nCarol-Ann Willering, sc\u00e9nariste, metteur en sc\u00e8ne, intervenue en 2011 pour le spectacle \u00ab\u00a0Myst\u00e9rieuse Agatha\u00a0\u00bb<br \/>\nFlorence Forsythe, com\u00e9dienne (article NR 2011), intervenue en 2011 pour le spectacle \u00ab\u00a0Myst\u00e9rieuse Agatha\u00a0\u00bb<\/p>\n<p><strong>Les lectures :<\/strong><br \/>\nImaginez-vous en train de pr\u00e9parer un repas maghr\u00e9bin.<br \/>\nLes convives dont vous faites partis &#8211; vous les spectateurs &#8211; n&rsquo;apportent pas une bouteille<br \/>\n\u00e0 la ma\u00eetresse de maison, ni des fleurs comme il est de coutume en France.<br \/>\nLe pr\u00e9sent, c&rsquo;est vous qui allez le concocter, en participant \u00e0 l\u2019\u00e9laboration d\u2019un menu litt\u00e9raire.<br \/>\nDe nombreux auteurs (Rachi Boumahdi , Nina Bouraoui, Driss Chra\u00efbi, Mahi Binebine&#8230;)<br \/>\nont inspir\u00e9 nos \u00ab\u00a0toques blanches\u00a0\u00bb, Sylvia Lacarri\u00e8re (com\u00e9dienne), Isabelle Yhuel<br \/>\n(r\u00e9alisatrice \u00e0 France Culture, collaboratrice au magazine \u00ab Psychologies \u00bb), Florence Quentin<br \/>\n(journaliste, \u00e9crivain, \u00e9gyptologue, conf\u00e9renci\u00e8re sp\u00e9cialiste Mythes et religions),<br \/>\nJean-Fran\u00e7ois Heckl\u00e9 (com\u00e9dien) et Florence Forsythe (com\u00e9dienne) qui en un tour de main,<br \/>\net munis de leurs livres sont heureux de vous faire entendre \u00e0 travers leurs papilles, ce qu&rsquo;ils ont<br \/>\nd\u00e9couvert des rites et des traditions culinaires du Maghreb.<br \/>\nCe qui pimentera votre curiosit\u00e9 n&rsquo;est-ce pas la loi du sel, la patience de la cuisini\u00e8re,<br \/>\nle couscous clandestin&#8230;.<br \/>\nAu c\u0153ur de ces rites, l&rsquo;\u00e9crivain Isabelle Yhuel fait monter l&rsquo;eau \u00e0 la bouche<br \/>\nen nous communiquant son plaisir.<br \/>\nEnsemble, spectateurs et passeurs de mots, mettons-nous \u00e0 table pour partager, hospitalit\u00e9 et<br \/>\nconvivialit\u00e9 autour d&rsquo;un repas litt\u00e9raire o\u00f9 la nourriture du d\u00e9sir se m\u00eale au d\u00e9sir de la nourriture&#8230;<\/p>\n<p><strong>19h30 : Buffet de sp\u00e9cialit\u00e9s du Maghreb<\/strong><br \/>\nPar Salima Khelladi<\/p>\n<p><strong>20h30 : Lecture-Spectacle<\/strong><br \/>\n\u00ab\u00a0Passions d&rsquo;Alg\u00e9rie\u00a0\u00bb<\/p>\n<p>d&rsquo;apr\u00e8s<br \/>\nNoces d\u2019Albert CAMUS ( livres de Camus disponibles \u00e0 La Ch\u00e2tre)<br \/>\net Perennes de Tahar DJAOUT<\/p>\n<p>Le Spectacle :<br \/>\nRassembler dans un m\u00eame \u00e9lan deux \u00e9crivains alg\u00e9riens qui semblent si \u00e9loign\u00e9s l\u2019un de l\u2019autre (ne serait-ce que dans le temps) peut surprendre?; deux \u00e9crivains qui ont marqu\u00e9 chacun \u00e0 leur fa\u00e7on leur \u00e9poque et qui, diff\u00e9remment, ont eu un destin tragique.<br \/>\nC\u2019est pourtant le choix qu\u2019a fait Jean-Paul SCHINTU pour nous donner \u00e0 entendre le lien qu\u2019ils entretiennent avec l\u2019Alg\u00e9rie, la passion qu\u2019ils \u00e9prouvent pour leur pays, mais aussi le d\u00e9sir de libert\u00e9 et de r\u00e9volte.<\/p>\n<p>Jean-Paul Schintu, l&rsquo;interpr\u00e8te, est n\u00e9 en Alg\u00e9rie, apr\u00e8s avoir \u00e9t\u00e9 \u00e9l\u00e8ve au Conservatoire National Sup\u00e9rieur de Paris dans la classe d\u2019Antoine Vitez, il devient d\u2019abord acteur et metteur en sc\u00e8ne, puis co-directeur du Th\u00e9\u00e2tre de l\u2019Escalier d\u2019Or pendant huit ans. Il a interpr\u00e9t\u00e9 en 2010 au th\u00e9\u00e0tre Maurice Sand de La Ch\u00e2tre \u00ab\u00a0Le Premier homme\u00a0\u00bb de Camus en partenariat avec la biblioth\u00e8que .<br \/>\nIl sera accompagn\u00e9 par Salem Amrane, guitariste d\u2019origine berb\u00e8re, sp\u00e9cialiste de la musique flamenca. Il puise son inspiration dans le luth arabe, le jazz, et la musique classique.<\/p>\n<p>Tarifs :<br \/>\n5\u20ac : La soir\u00e9e avec 1 ou 2 spectacle sans le buffet<br \/>\n15\u20ac : La soir\u00e9e avec 1 ou 2 spectacle avec le buffet. Places limit\u00e9es<\/p>\n<p>Public Ados-Adultes<br \/>\nRESERVATION OBLIGATOIRE UNIQUEMENT POUR LA SOIREE AVEC BUFFET \u00e0 la biblioth\u00e8que de La Ch\u00e2tre au 02 54 41 33 avant le 23 novembre.<\/p>\n","protected":false},"excerpt":{"rendered":"<p>Organis\u00e9e \u00e0 l&rsquo;occasion des 50 ans de l&rsquo;Ind\u00e9pendance de l&rsquo;Alg\u00e9rie par la Biblioth\u00e8que de La Ch\u00e2tre et en partenariat avec la Biblioth\u00e8que d\u00e9patementale de L&rsquo;Indre (Conseil g\u00e9n\u00e9ral de L&rsquo;Indre). Le Vendredi 30 Novembre 2012 \u00e0 partir de 18h15 Au Ch\u00e2teau d&rsquo;Ars (\u00e0 4km de La Ch\u00e2tre, commune de Lourouer St Laurent lieu dit \u00ab\u00a0Ars\u00a0\u00bb) 18h15 &hellip; <\/p>\n<p class=\"link-more\"><a href=\"https:\/\/www.cheminsfaisant.org\/site\/2012\/05\/20\/soiree-algerie-a-la-bibliotheque-de-la-chatre\/\" class=\"more-link\">Continuer la lecture<span class=\"screen-reader-text\"> de &laquo;&nbsp;Soir\u00e9e Alg\u00e9rie \u00e0 la biblioth\u00e8que de La Ch\u00e2tre&nbsp;&raquo;<\/span><\/a><\/p>\n","protected":false},"author":1,"featured_media":0,"comment_status":"closed","ping_status":"closed","sticky":false,"template":"","format":"standard","meta":{"footnotes":""},"categories":[11],"tags":[],"class_list":["post-771","post","type-post","status-publish","format-standard","hentry","category-11"],"_links":{"self":[{"href":"https:\/\/www.cheminsfaisant.org\/site\/wp-json\/wp\/v2\/posts\/771","targetHints":{"allow":["GET"]}}],"collection":[{"href":"https:\/\/www.cheminsfaisant.org\/site\/wp-json\/wp\/v2\/posts"}],"about":[{"href":"https:\/\/www.cheminsfaisant.org\/site\/wp-json\/wp\/v2\/types\/post"}],"author":[{"embeddable":true,"href":"https:\/\/www.cheminsfaisant.org\/site\/wp-json\/wp\/v2\/users\/1"}],"replies":[{"embeddable":true,"href":"https:\/\/www.cheminsfaisant.org\/site\/wp-json\/wp\/v2\/comments?post=771"}],"version-history":[{"count":0,"href":"https:\/\/www.cheminsfaisant.org\/site\/wp-json\/wp\/v2\/posts\/771\/revisions"}],"wp:attachment":[{"href":"https:\/\/www.cheminsfaisant.org\/site\/wp-json\/wp\/v2\/media?parent=771"}],"wp:term":[{"taxonomy":"category","embeddable":true,"href":"https:\/\/www.cheminsfaisant.org\/site\/wp-json\/wp\/v2\/categories?post=771"},{"taxonomy":"post_tag","embeddable":true,"href":"https:\/\/www.cheminsfaisant.org\/site\/wp-json\/wp\/v2\/tags?post=771"}],"curies":[{"name":"wp","href":"https:\/\/api.w.org\/{rel}","templated":true}]}}