{"id":755,"date":"2011-12-31T00:00:00","date_gmt":"2011-12-30T23:00:00","guid":{"rendered":"http:\/\/localhost:8888\/site\/2011\/12\/31\/printemps-des-poetes\/"},"modified":"2011-12-31T00:00:00","modified_gmt":"2011-12-30T23:00:00","slug":"printemps-des-poetes","status":"publish","type":"post","link":"https:\/\/www.cheminsfaisant.org\/site\/2011\/12\/31\/printemps-des-poetes\/","title":{"rendered":"Printemps des po\u00e8tes"},"content":{"rendered":"<p>Depuis plusieurs ann\u00e9es, le Printemps des Po\u00e8tes, structure nationale qui assure la promotion et la diffusion de la po\u00e9sie, a initi\u00e9 l&rsquo;op\u00e9ration \u00abUne rue, un po\u00e8te\u00bb. Il s&rsquo;agit d&rsquo;appeler un lieu public du nom d&rsquo;un po\u00e8te. Le Coglais s&rsquo;est engag\u00e9 largement dans cette d\u00e9marche. Au fil des ann\u00e9es, Paul Eluard, Louis Aragon, Ren\u00e9 Char, Fadhma Amrouche, Julien Cracq ont rehauss\u00e9 de leurs noms des lieux publics.<\/p>\n<p>\u00abA la colombe<br \/>\nII ne dira rien.<br \/>\nElle irait aussi bien<br \/>\nLe rapporter<br \/>\nII ne sait o\u00f9.\u00bb<\/p>\n<p>Cuillevic<\/p>\n<p>\u00abDe son bec un oiseau<br \/>\nEvide l&rsquo;arbre qui ne tremble<br \/>\nD&rsquo;aucun frisson sauf en ses branches&#8230;\u00bb<\/p>\n<p>Herri-Gwilherm K\u00e9rour\u00e9dan<\/p>\n<p>\u00abMes mots. Mes mots \u00e9vapor\u00e9s aux l\u00e8vres des nuages.<br \/>\nMes mots, bu\u00e9e de langage, je ne suis qu&#8217;embrun d&rsquo;aile&#8230;\u00bb<\/p>\n<p>Jacques Lacarri\u00e8re<\/p>\n<p>Louis DUBREIL, Conseiller G\u00e9n\u00e9ral, Maire de St Brice en Cogl\u00e8s,<\/p>\n<p>Jean MALAPERT, Pr\u00e9sident de Coglais Marches de Bretagne,<\/p>\n<p>Bernard SERRAND, Vice-Pr\u00e9sident de Coglais Marches de Bretagne, Maire-adjoint de St Brice en Cogl\u00e8s,<\/p>\n<p>Marie-France MORIEUX, Principale du Coll\u00e8ge Ang\u00e8le Vannier.<\/p>\n<p>Serge BOUVIER, Pr\u00e9sident du P\u00f4le Artistique et Culturel du Coll\u00e8ge Ang\u00e8le Vannier,<\/p>\n<p>Inauguration des rues GU1LLEVIC, Herri-Gwilherm K\u00c9ROUR\u00c9DAN<br \/>\net du square Jacques LACARRI\u00c8RE,<br \/>\ndans le cadre du \u00abPrintemps du Coglais\u00bb<br \/>\nen pr\u00e9sence d&rsquo;Edmond HERVE, S\u00e9nateur.<\/p>\n<p>Le samedi 2 avril 2011 \u00e0 17h30<br \/>\nSerge Bouvier au square Jacque Lacarri\u00e8re<\/p>\n","protected":false},"excerpt":{"rendered":"<p>Depuis plusieurs ann\u00e9es, le Printemps des Po\u00e8tes, structure nationale qui assure la promotion et la diffusion de la po\u00e9sie, a initi\u00e9 l&rsquo;op\u00e9ration \u00abUne rue, un po\u00e8te\u00bb. Il s&rsquo;agit d&rsquo;appeler un lieu public du nom d&rsquo;un po\u00e8te. Le Coglais s&rsquo;est engag\u00e9 largement dans cette d\u00e9marche. Au fil des ann\u00e9es, Paul Eluard, Louis Aragon, Ren\u00e9 Char, Fadhma &hellip; <\/p>\n<p class=\"link-more\"><a href=\"https:\/\/www.cheminsfaisant.org\/site\/2011\/12\/31\/printemps-des-poetes\/\" class=\"more-link\">Continuer la lecture<span class=\"screen-reader-text\"> de &laquo;&nbsp;Printemps des po\u00e8tes&nbsp;&raquo;<\/span><\/a><\/p>\n","protected":false},"author":1,"featured_media":0,"comment_status":"closed","ping_status":"closed","sticky":false,"template":"","format":"standard","meta":{"footnotes":""},"categories":[12],"tags":[],"class_list":["post-755","post","type-post","status-publish","format-standard","hentry","category-12"],"_links":{"self":[{"href":"https:\/\/www.cheminsfaisant.org\/site\/wp-json\/wp\/v2\/posts\/755","targetHints":{"allow":["GET"]}}],"collection":[{"href":"https:\/\/www.cheminsfaisant.org\/site\/wp-json\/wp\/v2\/posts"}],"about":[{"href":"https:\/\/www.cheminsfaisant.org\/site\/wp-json\/wp\/v2\/types\/post"}],"author":[{"embeddable":true,"href":"https:\/\/www.cheminsfaisant.org\/site\/wp-json\/wp\/v2\/users\/1"}],"replies":[{"embeddable":true,"href":"https:\/\/www.cheminsfaisant.org\/site\/wp-json\/wp\/v2\/comments?post=755"}],"version-history":[{"count":0,"href":"https:\/\/www.cheminsfaisant.org\/site\/wp-json\/wp\/v2\/posts\/755\/revisions"}],"wp:attachment":[{"href":"https:\/\/www.cheminsfaisant.org\/site\/wp-json\/wp\/v2\/media?parent=755"}],"wp:term":[{"taxonomy":"category","embeddable":true,"href":"https:\/\/www.cheminsfaisant.org\/site\/wp-json\/wp\/v2\/categories?post=755"},{"taxonomy":"post_tag","embeddable":true,"href":"https:\/\/www.cheminsfaisant.org\/site\/wp-json\/wp\/v2\/tags?post=755"}],"curies":[{"name":"wp","href":"https:\/\/api.w.org\/{rel}","templated":true}]}}