{"id":753,"date":"2011-12-31T00:00:00","date_gmt":"2011-12-30T23:00:00","guid":{"rendered":"http:\/\/localhost:8888\/site\/2011\/12\/31\/les-poetes-grecs-de-jacques-lacarriere\/"},"modified":"2019-06-10T23:01:01","modified_gmt":"2019-06-10T21:01:01","slug":"les-poetes-grecs-de-jacques-lacarriere","status":"publish","type":"post","link":"https:\/\/www.cheminsfaisant.org\/site\/2011\/12\/31\/les-poetes-grecs-de-jacques-lacarriere\/","title":{"rendered":"Les po\u00e8tes grecs de Jacques Lacarri\u00e8re"},"content":{"rendered":"<p>Soir\u00e9e Litt\u00e9rature et Musique<br \/>\nOdyss\u00e9as Elytis, Georges S\u00e9f\u00e9ris, Yannis Ritsos, Sik\u00e9lianos, Titos Patrikios, Catherina Ang\u00e9lika-Rouk, Aris Alexandrou, Dimitris Kraniotis, Christodoulou.<br \/>\nEn mots et en musique par Sylvia Lipa-Lacarri\u00e8re, Fan\u00e7oise Huart et Nicolas Syros (bouzouki)<\/p>\n<p>avec une pr\u00e9sentation de \u00ab A l\u2019or\u00e9e du pays fertile \u00bb (Seghers, 2011)<br \/>\nRecueil de po\u00e9sies compl\u00e8tes de Jacques Lacarri\u00e8re<br \/>\n\u00ab Il n\u2019est de manque v\u00e9ritable que le vide d\u2019un monde priv\u00e9 de po\u00e9sie. \u00bb<br \/>\nDans cette anthologie qu\u2019il avait lui-m\u00eame compos\u00e9e, Jacques Lacarri\u00e8re nous livre plus de cinquante ans de voyage dans l\u2019intimit\u00e9 de sa po\u00e9sie, une po\u00e9sie nourrie de paysages, de rencontres et de mythes.<br \/>\nA la Maison Jules Roy \u00e0 Vezelay<br \/>\nVendredi 1er avril 2011, \u00e0 18 h 30, entr\u00e9e libre<\/p>\n","protected":false},"excerpt":{"rendered":"<p>Soir\u00e9e Litt\u00e9rature et Musique Odyss\u00e9as Elytis, Georges S\u00e9f\u00e9ris, Yannis Ritsos, Sik\u00e9lianos, Titos Patrikios, Catherina Ang\u00e9lika-Rouk, Aris Alexandrou, Dimitris Kraniotis, Christodoulou. En mots et en musique par Sylvia Lipa-Lacarri\u00e8re, Fan\u00e7oise Huart et Nicolas Syros (bouzouki) avec une pr\u00e9sentation de \u00ab A l\u2019or\u00e9e du pays fertile \u00bb (Seghers, 2011) Recueil de po\u00e9sies compl\u00e8tes de Jacques Lacarri\u00e8re \u00ab &hellip; <\/p>\n<p class=\"link-more\"><a href=\"https:\/\/www.cheminsfaisant.org\/site\/2011\/12\/31\/les-poetes-grecs-de-jacques-lacarriere\/\" class=\"more-link\">Continuer la lecture<span class=\"screen-reader-text\"> de &laquo;&nbsp;Les po\u00e8tes grecs de Jacques Lacarri\u00e8re&nbsp;&raquo;<\/span><\/a><\/p>\n","protected":false},"author":1,"featured_media":0,"comment_status":"closed","ping_status":"closed","sticky":false,"template":"","format":"standard","meta":{"footnotes":""},"categories":[12],"tags":[],"class_list":["post-753","post","type-post","status-publish","format-standard","hentry","category-12"],"_links":{"self":[{"href":"https:\/\/www.cheminsfaisant.org\/site\/wp-json\/wp\/v2\/posts\/753","targetHints":{"allow":["GET"]}}],"collection":[{"href":"https:\/\/www.cheminsfaisant.org\/site\/wp-json\/wp\/v2\/posts"}],"about":[{"href":"https:\/\/www.cheminsfaisant.org\/site\/wp-json\/wp\/v2\/types\/post"}],"author":[{"embeddable":true,"href":"https:\/\/www.cheminsfaisant.org\/site\/wp-json\/wp\/v2\/users\/1"}],"replies":[{"embeddable":true,"href":"https:\/\/www.cheminsfaisant.org\/site\/wp-json\/wp\/v2\/comments?post=753"}],"version-history":[{"count":1,"href":"https:\/\/www.cheminsfaisant.org\/site\/wp-json\/wp\/v2\/posts\/753\/revisions"}],"predecessor-version":[{"id":1359,"href":"https:\/\/www.cheminsfaisant.org\/site\/wp-json\/wp\/v2\/posts\/753\/revisions\/1359"}],"wp:attachment":[{"href":"https:\/\/www.cheminsfaisant.org\/site\/wp-json\/wp\/v2\/media?parent=753"}],"wp:term":[{"taxonomy":"category","embeddable":true,"href":"https:\/\/www.cheminsfaisant.org\/site\/wp-json\/wp\/v2\/categories?post=753"},{"taxonomy":"post_tag","embeddable":true,"href":"https:\/\/www.cheminsfaisant.org\/site\/wp-json\/wp\/v2\/tags?post=753"}],"curies":[{"name":"wp","href":"https:\/\/api.w.org\/{rel}","templated":true}]}}