{"id":3441,"date":"2025-02-06T16:03:17","date_gmt":"2025-02-06T15:03:17","guid":{"rendered":"https:\/\/www.cheminsfaisant.org\/site\/?p=3441"},"modified":"2025-04-20T21:19:58","modified_gmt":"2025-04-20T19:19:58","slug":"jacques-lacarriere-loiseleur-du-monde","status":"publish","type":"post","link":"https:\/\/www.cheminsfaisant.org\/site\/2025\/02\/06\/jacques-lacarriere-loiseleur-du-monde\/","title":{"rendered":"Lancement de l&rsquo;Ann\u00e9e Jacques Lacarri\u00e8re (1925-2005)"},"content":{"rendered":"\n<figure class=\"wp-block-image size-full\"><img loading=\"lazy\" decoding=\"async\" width=\"468\" height=\"352\" src=\"https:\/\/www.cheminsfaisant.org\/site\/wp-content\/uploads\/2025\/02\/image.jpeg\" alt=\"\" class=\"wp-image-3449\" srcset=\"https:\/\/www.cheminsfaisant.org\/site\/wp-content\/uploads\/2025\/02\/image.jpeg 468w, https:\/\/www.cheminsfaisant.org\/site\/wp-content\/uploads\/2025\/02\/image-300x226.jpeg 300w\" sizes=\"auto, (max-width: 468px) 100vw, 468px\" \/><\/figure>\n\n\n\n<div class=\"wp-block-media-text is-stacked-on-mobile\" style=\"grid-template-columns:15% auto\"><figure class=\"wp-block-media-text__media\"><img loading=\"lazy\" decoding=\"async\" width=\"240\" height=\"296\" src=\"https:\/\/www.cheminsfaisant.org\/site\/wp-content\/uploads\/2025\/02\/image-1.png\" alt=\"\" class=\"wp-image-3443 size-full\"\/><\/figure><div class=\"wp-block-media-text__content\">\n<p>Lundi 10 Mars 2025 \u00e0 19 heures<br>A la Maison de l&rsquo;Am\u00e9rique latine<br>217 boulevard Saint-Germain \u00e0 Paris.<br><a href=\"https:\/\/www.mal217.org\/fr\/agenda\/jacques-lacarriere-l-oiseleur-du-monde\" target=\"_blank\" rel=\"noreferrer noopener\">Informations pratiques<\/a><\/p>\n<\/div><\/div>\n\n\n\n<p><strong>Entre la France et le monde,<\/strong><br><strong>Jacques Lacarri\u00e8re, passeur de rives, passeur de r\u00eaves<\/strong>.<\/p>\n\n\n\n<p>1925-2025. Cette ann\u00e9e Jacques Lacarri\u00e8re aurait eu cent ans, l\u2019occasion de repartir \u00e0 la d\u00e9couverte de son \u0153uvre par les voix de tous ceux, amis, amies, lectrices et lecteurs qui n\u2019ont cess\u00e9 de l\u2019accompagner depuis la cr\u00e9ation de l&rsquo;association Chemins faisant au printemps 2006.<\/p>\n\n\n\n<ul class=\"wp-block-list\">\n<li><strong>Pr\u00e9sentation du calendrier 2025<\/strong>.<\/li>\n\n\n\n<li><strong>Lectures de&nbsp;<\/strong>Catherine Ferran (de la Com\u00e9die fran\u00e7aise), Micha\u00ebl Ferrier, (laur\u00e9at du prix litt\u00e9raire Jacques Lacarri\u00e8re 2020), Sylvie Germain, (membre du jury du Prix), Elie Guillou (membre du jury du Prix), Sylvia Lacarri\u00e8re, Val\u00e9rie Marin La Mesl\u00e9e, (pr\u00e9sidente du jury du Prix) Christian Peythieu, Baptiste Roussillon, Annie Terrier, (pr\u00e9sidente de l\u2019association&nbsp;<em>Chemins faisant<\/em>), Andr\u00e9 Velter \u2026&nbsp;&nbsp;Avec la participation exceptionnelle d&rsquo;Hanna Schygulla.<\/li>\n\n\n\n<li><strong>Musiques&nbsp;<\/strong>: Sophie Charpentier, Yvan Nava\u00ef (musiques).<\/li>\n<\/ul>\n\n\n\n<p>La librairie&nbsp;<em><a href=\"https:\/\/www.ecumedespages.com\" target=\"_blank\" rel=\"noreferrer noopener\">L\u2019Ecume des pages<\/a><\/em>&nbsp;sera pr\u00e9sente avec <em>A l\u2019or\u00e9e du pays fertile<\/em>,&nbsp;<em>Ce que je dois \u00e0 Aim\u00e9 C\u00e9saire<\/em>.<\/p>\n\n\n\n<p><em><a href=\"https:\/\/www.cheminsfaisant.org\/site\/loiseleur-du-monde\/\" target=\"_blank\" rel=\"noreferrer noopener\">Liste des textes lus \u00e0 la soir\u00e9e de lancement de l\u2019Ann\u00e9e Jacques Lacarri\u00e8re le 10 mars 2025 \u00e0 la Maison de l\u2019Am\u00e9rique Latine<\/a>.<\/em><\/p>\n\n\n\n<p><\/p>\n","protected":false},"excerpt":{"rendered":"<p>Lundi 10 Mars 2025 \u00e0 19 heuresA la Maison de l&rsquo;Am\u00e9rique latine217 boulevard Saint-Germain \u00e0 Paris.Informations pratiques Entre la France et le monde,Jacques Lacarri\u00e8re, passeur de rives, passeur de r\u00eaves. 1925-2025. Cette ann\u00e9e Jacques Lacarri\u00e8re aurait eu cent ans, l\u2019occasion de repartir \u00e0 la d\u00e9couverte de son \u0153uvre par les voix de tous ceux, amis, &hellip; <\/p>\n<p class=\"link-more\"><a href=\"https:\/\/www.cheminsfaisant.org\/site\/2025\/02\/06\/jacques-lacarriere-loiseleur-du-monde\/\" class=\"more-link\">Continuer la lecture<span class=\"screen-reader-text\"> de &laquo;&nbsp;Lancement de l&rsquo;Ann\u00e9e Jacques Lacarri\u00e8re (1925-2005)&nbsp;&raquo;<\/span><\/a><\/p>\n","protected":false},"author":1,"featured_media":0,"comment_status":"closed","ping_status":"closed","sticky":false,"template":"","format":"standard","meta":{"footnotes":""},"categories":[49,48],"tags":[],"class_list":["post-3441","post","type-post","status-publish","format-standard","hentry","category-49","category-2025-centenaire-lacarriere"],"_links":{"self":[{"href":"https:\/\/www.cheminsfaisant.org\/site\/wp-json\/wp\/v2\/posts\/3441","targetHints":{"allow":["GET"]}}],"collection":[{"href":"https:\/\/www.cheminsfaisant.org\/site\/wp-json\/wp\/v2\/posts"}],"about":[{"href":"https:\/\/www.cheminsfaisant.org\/site\/wp-json\/wp\/v2\/types\/post"}],"author":[{"embeddable":true,"href":"https:\/\/www.cheminsfaisant.org\/site\/wp-json\/wp\/v2\/users\/1"}],"replies":[{"embeddable":true,"href":"https:\/\/www.cheminsfaisant.org\/site\/wp-json\/wp\/v2\/comments?post=3441"}],"version-history":[{"count":12,"href":"https:\/\/www.cheminsfaisant.org\/site\/wp-json\/wp\/v2\/posts\/3441\/revisions"}],"predecessor-version":[{"id":3515,"href":"https:\/\/www.cheminsfaisant.org\/site\/wp-json\/wp\/v2\/posts\/3441\/revisions\/3515"}],"wp:attachment":[{"href":"https:\/\/www.cheminsfaisant.org\/site\/wp-json\/wp\/v2\/media?parent=3441"}],"wp:term":[{"taxonomy":"category","embeddable":true,"href":"https:\/\/www.cheminsfaisant.org\/site\/wp-json\/wp\/v2\/categories?post=3441"},{"taxonomy":"post_tag","embeddable":true,"href":"https:\/\/www.cheminsfaisant.org\/site\/wp-json\/wp\/v2\/tags?post=3441"}],"curies":[{"name":"wp","href":"https:\/\/api.w.org\/{rel}","templated":true}]}}