{"id":3338,"date":"2025-02-05T18:12:06","date_gmt":"2025-02-05T17:12:06","guid":{"rendered":"https:\/\/www.cheminsfaisant.org\/site\/?p=3338"},"modified":"2026-02-09T14:02:05","modified_gmt":"2026-02-09T13:02:05","slug":"programme-previsionnel-2025-centenaire-de-jacques-lacarriere","status":"publish","type":"post","link":"https:\/\/www.cheminsfaisant.org\/site\/2025\/02\/05\/programme-previsionnel-2025-centenaire-de-jacques-lacarriere\/","title":{"rendered":"Programme 2025 2026, Centenaire de Jacques Lacarri\u00e8re"},"content":{"rendered":"\n<figure class=\"wp-block-image size-large is-resized\"><img loading=\"lazy\" decoding=\"async\" width=\"677\" height=\"1024\" src=\"https:\/\/www.cheminsfaisant.org\/site\/wp-content\/uploads\/2024\/11\/image-677x1024.png\" alt=\"\" class=\"wp-image-3339\" style=\"width:440px;height:auto\" srcset=\"https:\/\/www.cheminsfaisant.org\/site\/wp-content\/uploads\/2024\/11\/image-677x1024.png 677w, https:\/\/www.cheminsfaisant.org\/site\/wp-content\/uploads\/2024\/11\/image-198x300.png 198w, https:\/\/www.cheminsfaisant.org\/site\/wp-content\/uploads\/2024\/11\/image-768x1161.png 768w, https:\/\/www.cheminsfaisant.org\/site\/wp-content\/uploads\/2024\/11\/image-1016x1536.png 1016w, https:\/\/www.cheminsfaisant.org\/site\/wp-content\/uploads\/2024\/11\/image-1354x2048.png 1354w, https:\/\/www.cheminsfaisant.org\/site\/wp-content\/uploads\/2024\/11\/image.png 1693w\" sizes=\"auto, (max-width: 677px) 100vw, 677px\" \/><figcaption class=\"wp-element-caption\">\u00a9 Sophie Bassouls<\/figcaption><\/figure>\n\n\n\n<h2 class=\"wp-block-heading\"><strong>Anniversaire de la naissance de Jacques Lacarri\u00e8re (1925) et de sa disparition (2005).<\/strong><\/h2>\n\n\n\n<p>Une ann\u00e9e d\u2019anniversaires qui nous donne une merveilleuse occasion, avec les \u00e9diteurs de Jacques Lacarri\u00e8re, de mettre en lumi\u00e8re son \u0153uvre prot\u00e9iforme, comme le rappelait notre cher ami Gil Jouanard.<\/p>\n\n\n\n<h2 class=\"wp-block-heading\"><strong>Manifestations<\/strong> :<\/h2>\n\n\n\n<p><strong>25 Janvier <\/strong>&nbsp;<strong>2025<\/strong>, dans le cadre de \u00ab&nbsp;Strasbourg Capitale de la Culture de l\u2019Unesco&nbsp;\u00bb, et de <em>Biblioth\u00e8ques Id\u00e9ales<\/em>, <em>Jacques Lacarri\u00e8re, l&rsquo;\u00e9tonnant voyageur nous enchante encore<\/em>, avec&nbsp;<em>Etonnants Voyageurs<\/em>.&nbsp;<\/p>\n\n\n\n<p><strong>10 Mars 2025<\/strong>, Lancement de \u00ab&nbsp;Ann\u00e9e 2025, Jacques Lacarri\u00e8re&nbsp;\u00bb \u00e0 <a href=\"https:\/\/www.mal217.org\/fr\/agenda\/jacques-lacarriere-l-oiseleur-du-monde\" target=\"_blank\" rel=\"noreferrer noopener\">La Maison de l\u2019Am\u00e9rique Latine<\/a><\/p>\n\n\n\n<p><strong>Mars<\/strong> <strong>2025<\/strong>,\u00a0\u00a0Printemps des po\u00e8tes avec la nouvelle \u00e9dition de l\u2019Anthologie po\u00e9tique\u00a0<em>A L\u2019Or\u00e9e du pays fertile<\/em> aux \u00e9ditions Sghers<\/p>\n\n\n\n<p><strong>Du 28 Mai au 29 Juin 2025<\/strong>, \u00e0 Toulouse, exposition <em>Jacques Lacarri\u00e8re, \u00e9crivain-photographe<\/em> \u00e0 la librairie <a href=\"https:\/\/www.ombres-blanches.fr\" target=\"_blank\" rel=\"noreferrer noopener\">Ombres Blanches<\/a>, en collaboration avec la galerie <a href=\"https:\/\/chateaudeau.toulouse.fr\" target=\"_blank\" rel=\"noreferrer noopener\">Le Ch\u00e2teau d&rsquo;Eau<\/a> et les \u00e9ditions <a href=\"http:\/\/www.letempsquilfait.com\" target=\"_blank\" rel=\"noreferrer noopener\">Le temps qu&rsquo;il fait.<\/a><\/p>\n\n\n\n<p><strong>Du 7 au 9 Juin 2025,<\/strong>&nbsp;Festival<strong><em>&nbsp;<\/em><\/strong><em>\u00c9tonnants Voyageurs<\/em>&nbsp;avec les \u00e9ditions Plon, \u00ab&nbsp;Dictionnaires amoureux&nbsp;\u00bb et \u00ab&nbsp;Terre Humaine&nbsp;\u00bb.<\/p>\n\n\n\n<p><strong>Le 21 Juin 2025<\/strong>, Pr\u00e9sentation de <em><a href=\"https:\/\/www.cheminsfaisant.org\/site\/2025\/06\/17\/borobudur\/\" target=\"_blank\" rel=\"noreferrer noopener\">Orobudur<\/a><\/em> au <a href=\"https:\/\/www.marche-poesie.com\" target=\"_blank\" rel=\"noreferrer noopener\">March\u00e9 de la Po\u00e9sie<\/a>, avec les <a href=\"https:\/\/www.editions-jacques-bremond.fr\" target=\"_blank\" rel=\"noreferrer noopener\">\u00c9ditions Jacques Br\u00e9mont<\/a>.<\/p>\n\n\n\n<p><strong>Le 26 Juin 2025,<\/strong>&nbsp;<a href=\"https:\/\/www.villakerylos.fr\" target=\"_blank\" rel=\"noreferrer noopener\">Villa K\u00e9rilos<\/a>,&nbsp;autour des musiciens Hadzidakis, Th\u00e9odorakis, et Jacques Lacarri\u00e8re n\u00e9s tous les trois en 1925<\/p>\n\n\n\n<p><strong>Les 25 et 26 Septembre 2025, <\/strong>Tunisie,\u00a0<em>Les Voix du Monde<\/em>\u00a0\u00e0 <a href=\"https:\/\/www.institutfrancais-tunisie.com\/#\/\" target=\"_blank\" rel=\"noreferrer noopener\">l&rsquo;Institut Fran\u00e7ais de Tunis et de Sousse<\/a>, <em>Jacques Lacarri\u00e8re <a href=\"https:\/\/www.cheminsfaisant.org\/site\/wp-admin\/post.php?post=3665&amp;action=edit\" target=\"_blank\" rel=\"noreferrer noopener\">Passeur de rives, passeur de r\u00eaves<\/a><\/em>.<\/p>\n\n\n\n<p><strong>Le 3 Octobre 2025<\/strong>, Chemins faisant au <a href=\"https:\/\/fig.saint-die-des-vosges.fr\" target=\"_blank\" rel=\"noreferrer noopener\">Festival International de G\u00e9ographie de Saint-Di\u00e9-des-Vosges.<\/a> <em>Cheminer avec Jacques Lacarri\u00e8re.<\/em><\/p>\n\n\n\n<p><strong>Le 31 octobre 2025<\/strong>, \u00e0 Vezelay, en complicit\u00e9 avec le <a href=\"https:\/\/www.ordesetoiles.fr\" target=\"_blank\" rel=\"noreferrer noopener\">librairie L&rsquo;Or des \u00c9toiles<\/a>, Un voyage au coeur de la mythologie, avec Laurent Hecquet et Sylvia Lacarri\u00e8re, accompagn\u00e9s par les vins de <a href=\"https:\/\/www.clotildedavenne.fr\/fr\/\" target=\"_blank\" rel=\"noreferrer noopener\">Clothilde Davenne<\/a>,<\/p>\n\n\n\n<p><strong>Le 26 Novembre 2025<\/strong>, Chemins faisant \u00e0 Quimper, <em>Promenade dans la Gr\u00e8ce de Jacques Lacarri\u00e8re<\/em>, musique, chants et po\u00e9sie avec Nicolas SYROS au bouzouki, Costas SYROS \u00e0 la guitare et Sylvia LIPA-LACARRIERE r\u00e9citante.<\/p>\n\n\n\n<p><strong>Les 29 Novembre et 7 D\u00e9cembre 2025<\/strong>, Paris, th\u00e9\u00e2tre de l&rsquo;Ile Saint-Louis, <em>Dans la For\u00eat des Songes<\/em>, reprise du spectacle musical de Michel Boizot.<\/p>\n\n\n\n<p>______________________________________________________________________________<\/p>\n\n\n\n<p><strong>Le 13 Avril 2026,<\/strong> \u00e0 Auxerre, soir\u00e9e La nature de l&rsquo;Orient \u00e0 l&rsquo;Occident : Croyance et Science, avec To Bich Hai, Jean-Marc Brocard et Sylvia Lacarri\u00e8re.<\/p>\n\n\n\n<p><strong>Le 12 Mai 2026,<\/strong> \u00e0 Bibracte, performance d&rsquo;Eug\u00e8ne Savitzkaya, laur\u00e9at du <a href=\"https:\/\/www.cheminsfaisant.org\/site\/2024\/11\/04\/prix-jacques-lacarriere-2024\/\">Prix Litt\u00e9raire Jacques Lacarri\u00e8re 2024<\/a> avec <em>Fou de Paris<\/em> aux \u00c9ditions de Minuit, L<em>&lsquo;Envol du Rouleau<\/em>.<\/p>\n\n\n\n<h2 class=\"wp-block-heading\"><strong>Parutions <\/strong> :<\/h2>\n\n\n\n<p><strong>Mars 2025<\/strong>, <a href=\"https:\/\/www.cheminsfaisant.org\/site\/2025\/02\/05\/a-loree-du-pays-fertile-4\/\" target=\"_blank\" rel=\"noreferrer noopener\"><em>A l&rsquo;Or\u00e9e du pays fertile<\/em><\/a>, \u00c9ditions Seghers.<\/p>\n\n\n\n<p><strong>Mai 2025<\/strong>, <em><a href=\"https:\/\/www.cheminsfaisant.org\/site\/wp-admin\/post.php?post=3655&amp;action=edit\" target=\"_blank\" rel=\"noreferrer noopener\">L&rsquo;\u00c9t\u00e9 Grec<\/a><\/em>, \u00c9ditions Terre Humaine Plon.<\/p>\n\n\n\n<p><strong>Ao\u00fbt 2025<\/strong>, <em><a href=\"https:\/\/www.cheminsfaisant.org\/site\/2025\/06\/17\/borobudur\/\" target=\"_blank\" rel=\"noreferrer noopener\">Borobudur<\/a><\/em>, \u00c9ditions Jacques Br\u00e9mond.<\/p>\n\n\n\n<p><strong>Octobre 2025<\/strong>, <em><a href=\"https:\/\/www.cheminsfaisant.org\/site\/2025\/08\/26\/dune-grece-lautre\/\" target=\"_blank\" rel=\"noreferrer noopener\">D&rsquo;Une Gr\u00e8ce l&rsquo;autre<\/a><\/em>, Editions d\u00e9paysages.<\/p>\n\n\n\n<p><strong>Octobre 2025<\/strong>, <em><a href=\"https:\/\/www.cheminsfaisant.org\/site\/2025\/08\/26\/marie-degypte-2\/\" target=\"_blank\" rel=\"noreferrer noopener\">Marie d&rsquo;\u00c9gypte,<\/a><\/em> Pavillons, Robert Laffont.<\/p>\n\n\n\n<p><strong>Octobre 2025<\/strong>, <a href=\"https:\/\/www.cheminsfaisant.org\/site\/2022\/10\/30\/amours-decume\/\" target=\"_blank\" rel=\"noreferrer noopener\">Amours d&rsquo;\u00c9cume<\/a>, Dimitris Kraniotis &amp; To Rodakio<\/p>\n\n\n\n<p><\/p>\n","protected":false},"excerpt":{"rendered":"<p>Anniversaire de la naissance de Jacques Lacarri\u00e8re (1925) et de sa disparition (2005). Une ann\u00e9e d\u2019anniversaires qui nous donne une merveilleuse occasion, avec les \u00e9diteurs de Jacques Lacarri\u00e8re, de mettre en lumi\u00e8re son \u0153uvre prot\u00e9iforme, comme le rappelait notre cher ami Gil Jouanard. Manifestations : 25 Janvier &nbsp;2025, dans le cadre de \u00ab&nbsp;Strasbourg Capitale de &hellip; <\/p>\n<p class=\"link-more\"><a href=\"https:\/\/www.cheminsfaisant.org\/site\/2025\/02\/05\/programme-previsionnel-2025-centenaire-de-jacques-lacarriere\/\" class=\"more-link\">Continuer la lecture<span class=\"screen-reader-text\"> de &laquo;&nbsp;Programme 2025 2026, Centenaire de Jacques Lacarri\u00e8re&nbsp;&raquo;<\/span><\/a><\/p>\n","protected":false},"author":1,"featured_media":0,"comment_status":"closed","ping_status":"closed","sticky":true,"template":"","format":"standard","meta":{"footnotes":""},"categories":[48],"tags":[],"class_list":["post-3338","post","type-post","status-publish","format-standard","hentry","category-2025-centenaire-lacarriere"],"_links":{"self":[{"href":"https:\/\/www.cheminsfaisant.org\/site\/wp-json\/wp\/v2\/posts\/3338","targetHints":{"allow":["GET"]}}],"collection":[{"href":"https:\/\/www.cheminsfaisant.org\/site\/wp-json\/wp\/v2\/posts"}],"about":[{"href":"https:\/\/www.cheminsfaisant.org\/site\/wp-json\/wp\/v2\/types\/post"}],"author":[{"embeddable":true,"href":"https:\/\/www.cheminsfaisant.org\/site\/wp-json\/wp\/v2\/users\/1"}],"replies":[{"embeddable":true,"href":"https:\/\/www.cheminsfaisant.org\/site\/wp-json\/wp\/v2\/comments?post=3338"}],"version-history":[{"count":37,"href":"https:\/\/www.cheminsfaisant.org\/site\/wp-json\/wp\/v2\/posts\/3338\/revisions"}],"predecessor-version":[{"id":3832,"href":"https:\/\/www.cheminsfaisant.org\/site\/wp-json\/wp\/v2\/posts\/3338\/revisions\/3832"}],"wp:attachment":[{"href":"https:\/\/www.cheminsfaisant.org\/site\/wp-json\/wp\/v2\/media?parent=3338"}],"wp:term":[{"taxonomy":"category","embeddable":true,"href":"https:\/\/www.cheminsfaisant.org\/site\/wp-json\/wp\/v2\/categories?post=3338"},{"taxonomy":"post_tag","embeddable":true,"href":"https:\/\/www.cheminsfaisant.org\/site\/wp-json\/wp\/v2\/tags?post=3338"}],"curies":[{"name":"wp","href":"https:\/\/api.w.org\/{rel}","templated":true}]}}