{"id":318,"date":"2019-05-20T17:33:28","date_gmt":"2019-05-20T15:33:28","guid":{"rendered":"https:\/\/www.cheminsfaisant.org\/site\/2019\/05\/20\/identite-culturelle\/"},"modified":"2019-05-20T17:33:28","modified_gmt":"2019-05-20T15:33:28","slug":"identite-culturelle","status":"publish","type":"post","link":"https:\/\/www.cheminsfaisant.org\/site\/2019\/05\/20\/identite-culturelle\/","title":{"rendered":"Identit\u00e9 culturelle"},"content":{"rendered":"<paroles>&#8230;La recherche de l&rsquo;identit\u00e9 culturelle &#8211; qui est aujourd&rsquo;hui la grande pr\u00e9occupation des minorit\u00e9s et des anciens peuples colonis\u00e9s &#8211; n&rsquo;est pas du tout une recherche archa\u00efque. Il n&rsquo;y a rien d&rsquo;archa\u00efque dans le fait de vouloir comprendre qui l&rsquo; on est. Il s&rsquo;agit d&rsquo;un probl\u00e8me qui, de tout temps, fut d&rsquo;actualit\u00e9. En revanche, je crois que la rencontre, la solidarit\u00e9, l&rsquo;alliance ou l&rsquo;union des peuples, ou des nations, ou des \u00e9tats, ou des communaut\u00e9s, quelles qu&rsquo;elles soient, ne peut se r\u00e9aliser sans le respect de leurs particularit\u00e9s respectives et non par le nivellement. On ne peut augmenter sa puissance en renon\u00e7ant \u00e0 sa personnalit\u00e9. Le fait de conna\u00eetre ses racines, qu&rsquo;il s&rsquo;agisse d&rsquo;un individu ou d&rsquo;un groupe, ne veut pas dire que l&rsquo;on recule, que l&rsquo;on s&rsquo;\u00e9loigne du pr\u00e9sent, cela veut dire au contraire &#8211; pour rester dans la m\u00e9taphore botanique &#8211; savoir quelles feuilles pousseront sur les branches.<\/p>\n<p>\t\t\t\t\t\t\t\t\t\t\t\t\t\t\t\t\tDesmos, n\u00b0 27,  2007\n<\/paroles>\n","protected":false},"excerpt":{"rendered":"<p>&#8230;La recherche de l&rsquo;identit\u00e9 culturelle &#8211; qui est aujourd&rsquo;hui la grande pr\u00e9occupation des minorit\u00e9s et des anciens peuples colonis\u00e9s &#8211; n&rsquo;est pas du tout une recherche archa\u00efque. Il n&rsquo;y a rien d&rsquo;archa\u00efque dans le fait de vouloir comprendre qui l&rsquo; on est. Il s&rsquo;agit d&rsquo;un probl\u00e8me qui, de tout temps, fut d&rsquo;actualit\u00e9. En revanche, je &hellip; <\/p>\n<p class=\"link-more\"><a href=\"https:\/\/www.cheminsfaisant.org\/site\/2019\/05\/20\/identite-culturelle\/\" class=\"more-link\">Continuer la lecture<span class=\"screen-reader-text\"> de &laquo;&nbsp;Identit\u00e9 culturelle&nbsp;&raquo;<\/span><\/a><\/p>\n","protected":false},"author":1,"featured_media":0,"comment_status":"closed","ping_status":"open","sticky":false,"template":"","format":"standard","meta":{"footnotes":""},"categories":[10],"tags":[],"class_list":["post-318","post","type-post","status-publish","format-standard","hentry","category-paroles-de-jacques"],"_links":{"self":[{"href":"https:\/\/www.cheminsfaisant.org\/site\/wp-json\/wp\/v2\/posts\/318","targetHints":{"allow":["GET"]}}],"collection":[{"href":"https:\/\/www.cheminsfaisant.org\/site\/wp-json\/wp\/v2\/posts"}],"about":[{"href":"https:\/\/www.cheminsfaisant.org\/site\/wp-json\/wp\/v2\/types\/post"}],"author":[{"embeddable":true,"href":"https:\/\/www.cheminsfaisant.org\/site\/wp-json\/wp\/v2\/users\/1"}],"replies":[{"embeddable":true,"href":"https:\/\/www.cheminsfaisant.org\/site\/wp-json\/wp\/v2\/comments?post=318"}],"version-history":[{"count":0,"href":"https:\/\/www.cheminsfaisant.org\/site\/wp-json\/wp\/v2\/posts\/318\/revisions"}],"wp:attachment":[{"href":"https:\/\/www.cheminsfaisant.org\/site\/wp-json\/wp\/v2\/media?parent=318"}],"wp:term":[{"taxonomy":"category","embeddable":true,"href":"https:\/\/www.cheminsfaisant.org\/site\/wp-json\/wp\/v2\/categories?post=318"},{"taxonomy":"post_tag","embeddable":true,"href":"https:\/\/www.cheminsfaisant.org\/site\/wp-json\/wp\/v2\/tags?post=318"}],"curies":[{"name":"wp","href":"https:\/\/api.w.org\/{rel}","templated":true}]}}