{"id":3010,"date":"2023-10-29T11:28:11","date_gmt":"2023-10-29T10:28:11","guid":{"rendered":"https:\/\/www.cheminsfaisant.org\/site\/?p=3010"},"modified":"2023-10-29T11:30:18","modified_gmt":"2023-10-29T10:30:18","slug":"felix-rozen-dix-ans-deja","status":"publish","type":"post","link":"https:\/\/www.cheminsfaisant.org\/site\/2023\/10\/29\/felix-rozen-dix-ans-deja\/","title":{"rendered":"Felix Rozen, dix ans d\u00e9j\u00e0"},"content":{"rendered":"\n<figure class=\"wp-block-image size-large\"><a href=\"https:\/\/felixrozen.com\" target=\"_blank\" rel=\"noreferrer noopener\"><img loading=\"lazy\" decoding=\"async\" width=\"1024\" height=\"528\" src=\"https:\/\/www.cheminsfaisant.org\/site\/wp-content\/uploads\/2023\/10\/Felix-Rozen-1024x528.jpg\" alt=\"\" class=\"wp-image-3011\" srcset=\"https:\/\/www.cheminsfaisant.org\/site\/wp-content\/uploads\/2023\/10\/Felix-Rozen-1024x528.jpg 1024w, https:\/\/www.cheminsfaisant.org\/site\/wp-content\/uploads\/2023\/10\/Felix-Rozen-300x155.jpg 300w, https:\/\/www.cheminsfaisant.org\/site\/wp-content\/uploads\/2023\/10\/Felix-Rozen-768x396.jpg 768w, https:\/\/www.cheminsfaisant.org\/site\/wp-content\/uploads\/2023\/10\/Felix-Rozen-1536x792.jpg 1536w, https:\/\/www.cheminsfaisant.org\/site\/wp-content\/uploads\/2023\/10\/Felix-Rozen-2048x1057.jpg 2048w\" sizes=\"auto, (max-width: 767px) 89vw, (max-width: 1000px) 54vw, (max-width: 1071px) 543px, 580px\" \/><\/a><\/figure>\n\n\n\n<p>A l&rsquo;occasion des dix ans de la disparition de F\u00e9lix Rozen, ses amis ont mis en ligne <a href=\"https:\/\/felixrozen.com\" data-type=\"link\" data-id=\"https:\/\/felixrozen.com\" target=\"_blank\" rel=\"noreferrer noopener\">un site consacr\u00e9 \u00e0 son oeuvre,<\/a> inaugur\u00e9 le 15 octobre 2023.<\/p>\n\n\n\n<p>Nous partageons ici un texte de Jacques Lacarri\u00e8re \u00e9crit \u00e0 l&rsquo;occasion de son exposition \u00e0 la galerie <em>Artemporel<\/em> de Montpellier en juin 1990.<\/p>\n\n\n\n<div class=\"wp-block-columns is-layout-flex wp-container-core-columns-is-layout-9d6595d7 wp-block-columns-is-layout-flex\">\n<div class=\"wp-block-column is-layout-flow wp-block-column-is-layout-flow\" style=\"flex-basis:100%\">\n<blockquote class=\"wp-block-quote is-layout-flow wp-block-quote-is-layout-flow\">\n<p>\u00abJe fixais des vertiges. Cette phrase de Rimbaud pourrait tr\u00e8s bien convenir aux nouvelles toiles de F\u00e9lix Rozen, o\u00f9 les traits, les signes, les couleurs et les couches vivent des noces tour \u00e0 tour primitives et savantes. C&rsquo;est le mouvement m\u00eame des gen\u00e8ses et des cr\u00e9ations qui affleure en ces toiles, par la patiente superposition des touches, exprimant ici des naissances d&rsquo;\u00e9toiles, l\u00e0 un s\u00e9isme printanier, ailleurs des \u00e9lans et des rythmes saisis dans le vif de leur source. Chaque toile devient ainsi un parchemin o\u00f9 s&rsquo;inscrivent les signes d&rsquo;une \u00e9criture perp\u00e9tuelle.<\/p>\n<\/blockquote>\n<\/div>\n<\/div>\n\n\n\n<div class=\"wp-block-columns is-layout-flex wp-container-core-columns-is-layout-9d6595d7 wp-block-columns-is-layout-flex\">\n<div class=\"wp-block-column is-layout-flow wp-block-column-is-layout-flow\" style=\"flex-basis:100%\">\n<blockquote class=\"wp-block-quote is-layout-flow wp-block-quote-is-layout-flow\">\n<p>Avec les gravures, ce sont plut\u00f4t les traces, les sceaux de messages sibyllins qui sont ici propos\u00e9s par le peintre. On y d\u00e9couvre l&rsquo;aurore de signes \u00e0 d\u00e9chiffrer en m\u00eame temps que les empreintes d&rsquo;un pays oubli\u00e9, celui o\u00f9 l&rsquo;\u00e9criture a pris naissance. Il y a en F\u00e9lix Rozen un r\u00eaveur scientifique et un scribe lyrique qui savent concilier ce qu&rsquo;on croyait inconciliable : le pass\u00e9 le plus vieux et le futur \u00e0 na\u00eetre, en un mot la memoire de la modernit\u00e9.<\/p>\n<\/blockquote>\n<\/div>\n<\/div>\n\n\n\n<p>Jacques Lacarri\u00e8re.<\/p>\n","protected":false},"excerpt":{"rendered":"<p>A l&rsquo;occasion des dix ans de la disparition de F\u00e9lix Rozen, ses amis ont mis en ligne un site consacr\u00e9 \u00e0 son oeuvre, inaugur\u00e9 le 15 octobre 2023. Nous partageons ici un texte de Jacques Lacarri\u00e8re \u00e9crit \u00e0 l&rsquo;occasion de son exposition \u00e0 la galerie Artemporel de Montpellier en juin 1990. \u00abJe fixais des vertiges. &hellip; <\/p>\n<p class=\"link-more\"><a href=\"https:\/\/www.cheminsfaisant.org\/site\/2023\/10\/29\/felix-rozen-dix-ans-deja\/\" class=\"more-link\">Continuer la lecture<span class=\"screen-reader-text\"> de &laquo;&nbsp;Felix Rozen, dix ans d\u00e9j\u00e0&nbsp;&raquo;<\/span><\/a><\/p>\n","protected":false},"author":1,"featured_media":0,"comment_status":"closed","ping_status":"closed","sticky":false,"template":"","format":"standard","meta":{"footnotes":""},"categories":[32],"tags":[],"class_list":["post-3010","post","type-post","status-publish","format-standard","hentry","category-compagnons"],"_links":{"self":[{"href":"https:\/\/www.cheminsfaisant.org\/site\/wp-json\/wp\/v2\/posts\/3010","targetHints":{"allow":["GET"]}}],"collection":[{"href":"https:\/\/www.cheminsfaisant.org\/site\/wp-json\/wp\/v2\/posts"}],"about":[{"href":"https:\/\/www.cheminsfaisant.org\/site\/wp-json\/wp\/v2\/types\/post"}],"author":[{"embeddable":true,"href":"https:\/\/www.cheminsfaisant.org\/site\/wp-json\/wp\/v2\/users\/1"}],"replies":[{"embeddable":true,"href":"https:\/\/www.cheminsfaisant.org\/site\/wp-json\/wp\/v2\/comments?post=3010"}],"version-history":[{"count":2,"href":"https:\/\/www.cheminsfaisant.org\/site\/wp-json\/wp\/v2\/posts\/3010\/revisions"}],"predecessor-version":[{"id":3013,"href":"https:\/\/www.cheminsfaisant.org\/site\/wp-json\/wp\/v2\/posts\/3010\/revisions\/3013"}],"wp:attachment":[{"href":"https:\/\/www.cheminsfaisant.org\/site\/wp-json\/wp\/v2\/media?parent=3010"}],"wp:term":[{"taxonomy":"category","embeddable":true,"href":"https:\/\/www.cheminsfaisant.org\/site\/wp-json\/wp\/v2\/categories?post=3010"},{"taxonomy":"post_tag","embeddable":true,"href":"https:\/\/www.cheminsfaisant.org\/site\/wp-json\/wp\/v2\/tags?post=3010"}],"curies":[{"name":"wp","href":"https:\/\/api.w.org\/{rel}","templated":true}]}}