{"id":2547,"date":"2018-12-12T16:44:00","date_gmt":"2018-12-12T15:44:00","guid":{"rendered":"https:\/\/www.cheminsfaisant.org\/site\/?p=2547"},"modified":"2021-11-11T16:45:01","modified_gmt":"2021-11-11T15:45:01","slug":"remise-du-prix-jacques-lacarriere-2018","status":"publish","type":"post","link":"https:\/\/www.cheminsfaisant.org\/site\/2018\/12\/12\/remise-du-prix-jacques-lacarriere-2018\/","title":{"rendered":"Remise du prix Jacques Lacarri\u00e8re 2018"},"content":{"rendered":"\n<figure class=\"wp-block-image size-full is-resized\"><img loading=\"lazy\" decoding=\"async\" src=\"https:\/\/www.cheminsfaisant.org\/site\/wp-content\/uploads\/2021\/11\/CF-Jean-Luc-Raharimanana-Revenir.jpg\" alt=\"\" class=\"wp-image-2548\" width=\"448\" height=\"275\" srcset=\"https:\/\/www.cheminsfaisant.org\/site\/wp-content\/uploads\/2021\/11\/CF-Jean-Luc-Raharimanana-Revenir.jpg 830w, https:\/\/www.cheminsfaisant.org\/site\/wp-content\/uploads\/2021\/11\/CF-Jean-Luc-Raharimanana-Revenir-300x185.jpg 300w, https:\/\/www.cheminsfaisant.org\/site\/wp-content\/uploads\/2021\/11\/CF-Jean-Luc-Raharimanana-Revenir-768x473.jpg 768w\" sizes=\"auto, (max-width: 448px) 100vw, 448px\" \/><\/figure>\n\n\n\n<p>Remise du Prix litt\u00e9raire Jacques Lacarri\u00e8re \u00e0 l\u2019Institut du Monde Arabe<\/p>\n\n\n\n<p>Le 10 d\u00e9cembre 2018, le jury de cette premi\u00e8re \u00e9dition du Prix litt\u00e9raire Jacques Lacarri\u00e8re, pr\u00e9sid\u00e9 par Gil Jouanard, r\u00e9uni dans la biblioth\u00e8que a r\u00e9compens\u00e9 l\u2019auteur Jean-Luc Raharimanana pour son livre&nbsp;<em>Revenir,&nbsp;<\/em>paru aux \u00e9ditions Rivages en mars 2018.<\/p>\n\n\n\n<p>Accueilli par Jack Lang, pr\u00e9sident de l\u2019IMA, Maati Kabbal, responsable des jeudis de l\u2019IMA, Jalila Bouhalfaya, directrice de la biblioth\u00e8que, Vincent Guichard, directeur g\u00e9n\u00e9ral de Bibracte, Beno\u00eet Boutili\u00e9, secr\u00e9taire g\u00e9n\u00e9ral et Elo\u00efse Vial, arch\u00e9ologue, responsable de l\u2019action culturelle \u00e0 Bibracte.<\/p>\n\n\n\n<h2 class=\"wp-block-heading\"><strong>En ouverture, pr\u00e9sentation du Prix par Gil Jouanard<\/strong><\/h2>\n\n\n\n<p>Et la lecture d\u2019un po\u00e8me de Jacques Lacarri\u00e8re d\u00e9di\u00e9 \u00e0 Elo\u00efse Vial&nbsp;<em>La lumi\u00e8re \u00e9blouit l\u2019invisible&nbsp;<\/em>avec Sylvia Lipa-Lacarri\u00e8re accompagn\u00e9e au violon par Charles Mathieu<\/p>\n\n\n\n<p>Si la plupart des \u00e9crivains confinent leur \u0153uvre dans les limites d\u2019un genre litt\u00e9raire pr\u00e9cis, parfois m\u00eame dans celui d\u2019une th\u00e9matique, il n\u2019en va pas de m\u00eame de Jacques Lacarri\u00e8re. C\u2019est m\u00eame tout le contraire : il \u00e9chappe \u00e0 la notion de genre comme \u00e0 celle de cat\u00e9gorie et m\u00eame de th\u00e8me favori.<br>Apr\u00e8s avoir \u00e9t\u00e9 un lecteur passionn\u00e9ment \u00e9clectique d\u2019ouvrages d\u2019\u00e9rudition, de trait\u00e9s sp\u00e9cialis\u00e9s et de fictions romanesques, aussi bien que de po\u00e9sie et d\u2019\u0153uvres dramatiques, il est devenu \u00e0 son tour un prodigieux \u00e9crivain battant pavillon cosmopolite et sp\u00e9cialiste de tous les genres r\u00e9unis, sautant de l\u2019un \u00e0 l\u2019autre avec une maestria probablement sans \u00e9gale dans notre litt\u00e9rature. Po\u00e8te et conteur, penseur et espi\u00e8gle, \u00e9rudit et improvisateur. Tout comme il fut, dans sa vie, contemplatif et actif, marcheur de plein vent et m\u00e9ticuleux scrutateur de son int\u00e9riorit\u00e9 et de sa m\u00e9moire. Lyrique, puis hardi explorateur ou scrupuleux sp\u00e9l\u00e9ologue des labyrinthes de la nature humaine. Historien et entomologiste, marcheur de fond et fl\u00e2neur de proximit\u00e9. Qu\u00eateur de traces du sacr\u00e9 spirituel et terrestre, toutefois jamais affili\u00e9 \u00e0 une religion ou \u00e0 une id\u00e9ologie, libre penseur faisant son Dieu de toute la nature.<br>Il fut aussi l\u2019ami simultan\u00e9 de Grecs et de Turcs, d\u2019Isra\u00e9liens et de Palestiniens, Carnute burgondis\u00e9, mais aussi gnostique et agnostique, moine du mont Athos et Bogomile post-mazd\u00e9en.<br>Physiquement, spirituellement et mentalement, il \u00e9tait ici, quand on le croyait l\u00e0 ; on pensait l\u2019y avoir rejoint, voil\u00e0 qu\u2019il \u00e9tait encore ailleurs. Comme s\u2019il avait cherch\u00e9 \u00e0 d\u00e9busquer la pierre philosophale ou \u00e0 r\u00e9soudre l\u2019\u00e9nigme de la quadrature du cercle.<br>Il aurait \u00e9t\u00e9 utopique de chercher \u00e0 d\u00e9nicher l\u2019oiseau rare, ou plut\u00f4t le cas d\u2019esp\u00e8ce qui e\u00fbt \u00e9t\u00e9 \u00e0 la fois insecte sous l\u2019\u00e9corce et Jason argonaute, asc\u00e8te et gourmand, aventurier et ermite, lyrique et humoriste, conteur et philosophe, naturel et sophistiqu\u00e9.<br>Mais, par bonheur, nous avons re\u00e7u nombre de candidatures qui entraient avec bonheur dans une ou l\u2019autre de ces tonalit\u00e9s r\u00e9unies, d\u2019ordinaire per\u00e7ues comme incompatibles entre elles. Et, compte tenu de la grande qualit\u00e9 des ouvrages propos\u00e9s, ce ne fut pas une mince affaire de d\u00e9signer le premier des laur\u00e9ats de ce prix Jacques Lacarri\u00e8re, dont nos amis de Bibracte ont eu la g\u00e9n\u00e9reuse et tr\u00e8s opportune id\u00e9e de prendre l\u2019initiative.<br>C\u2019est pourquoi je les remercie, en mon nom, en tant que pr\u00e9sident de&nbsp;<em>Chemins faisant,&nbsp;<\/em>au nom de Sylvia Lacarri\u00e8re et au nom de tous les membres actifs de notre association, ou plut\u00f4t de notre confr\u00e9rie des amis de l\u2019espi\u00e8gle \u00ab insecte prot\u00e9e \u00bb, ainsi que je me suis permis de d\u00e9signer Jacques.<br>Pour mieux vous faire savoir quelle fut notre bienheureuse difficult\u00e9 \u00e0 d\u00e9signer un laur\u00e9at, parmi la riche diversit\u00e9 des candidatures, je vais \u00e0 pr\u00e9sent donner la parole \u00e0 ceux des membres du jury qui ont accept\u00e9 d\u2019expliciter leur propre choix et de coopter le nom, et l\u2019\u0153uvre, de celui qui nous a paru, par la qualit\u00e9 de son livre et par l\u2019ad\u00e9quation avec un des aspects du g\u00e9nie polymorphe de Jacques fid\u00e8le \u00e0 cet esprit dont je viens de d\u00e9finir la diversit\u00e9 et l\u2019\u00e9clectisme si fertile, digne d\u2019inaugurer ce prix, le premier d\u2019une s\u00e9rie que nous esp\u00e9rons longue..<br>Bravo enfin, et merci, \u00e0 l\u2019\u00e9quipe du centre arch\u00e9ologique de Bibracte, \u00e0 son directeur, Vincent Guichard et, en tout premier lieu, \u00e0 Elo\u00efse Vial, qui fut la coordonnatrice infatigable de cette si belle initiative.<\/p>\n\n\n\n<p>Gil Jouanard<\/p>\n","protected":false},"excerpt":{"rendered":"<p>Remise du Prix litt\u00e9raire Jacques Lacarri\u00e8re \u00e0 l\u2019Institut du Monde Arabe Le 10 d\u00e9cembre 2018, le jury de cette premi\u00e8re \u00e9dition du Prix litt\u00e9raire Jacques Lacarri\u00e8re, pr\u00e9sid\u00e9 par Gil Jouanard, r\u00e9uni dans la biblioth\u00e8que a r\u00e9compens\u00e9 l\u2019auteur Jean-Luc Raharimanana pour son livre&nbsp;Revenir,&nbsp;paru aux \u00e9ditions Rivages en mars 2018. Accueilli par Jack Lang, pr\u00e9sident de l\u2019IMA, &hellip; <\/p>\n<p class=\"link-more\"><a href=\"https:\/\/www.cheminsfaisant.org\/site\/2018\/12\/12\/remise-du-prix-jacques-lacarriere-2018\/\" class=\"more-link\">Continuer la lecture<span class=\"screen-reader-text\"> de &laquo;&nbsp;Remise du prix Jacques Lacarri\u00e8re 2018&nbsp;&raquo;<\/span><\/a><\/p>\n","protected":false},"author":1,"featured_media":0,"comment_status":"closed","ping_status":"closed","sticky":false,"template":"","format":"standard","meta":{"footnotes":""},"categories":[8],"tags":[],"class_list":["post-2547","post","type-post","status-publish","format-standard","hentry","category-8"],"_links":{"self":[{"href":"https:\/\/www.cheminsfaisant.org\/site\/wp-json\/wp\/v2\/posts\/2547","targetHints":{"allow":["GET"]}}],"collection":[{"href":"https:\/\/www.cheminsfaisant.org\/site\/wp-json\/wp\/v2\/posts"}],"about":[{"href":"https:\/\/www.cheminsfaisant.org\/site\/wp-json\/wp\/v2\/types\/post"}],"author":[{"embeddable":true,"href":"https:\/\/www.cheminsfaisant.org\/site\/wp-json\/wp\/v2\/users\/1"}],"replies":[{"embeddable":true,"href":"https:\/\/www.cheminsfaisant.org\/site\/wp-json\/wp\/v2\/comments?post=2547"}],"version-history":[{"count":2,"href":"https:\/\/www.cheminsfaisant.org\/site\/wp-json\/wp\/v2\/posts\/2547\/revisions"}],"predecessor-version":[{"id":2550,"href":"https:\/\/www.cheminsfaisant.org\/site\/wp-json\/wp\/v2\/posts\/2547\/revisions\/2550"}],"wp:attachment":[{"href":"https:\/\/www.cheminsfaisant.org\/site\/wp-json\/wp\/v2\/media?parent=2547"}],"wp:term":[{"taxonomy":"category","embeddable":true,"href":"https:\/\/www.cheminsfaisant.org\/site\/wp-json\/wp\/v2\/categories?post=2547"},{"taxonomy":"post_tag","embeddable":true,"href":"https:\/\/www.cheminsfaisant.org\/site\/wp-json\/wp\/v2\/tags?post=2547"}],"curies":[{"name":"wp","href":"https:\/\/api.w.org\/{rel}","templated":true}]}}