{"id":1147,"date":"2014-05-26T18:35:41","date_gmt":"2014-05-26T16:35:41","guid":{"rendered":"http:\/\/localhost:8888\/site\/?p=1147"},"modified":"2019-06-12T09:45:48","modified_gmt":"2019-06-12T07:45:48","slug":"la-grece-de-lombre","status":"publish","type":"post","link":"https:\/\/www.cheminsfaisant.org\/site\/2014\/05\/26\/la-grece-de-lombre\/","title":{"rendered":"La Gr\u00e8ce de l&rsquo;Ombre"},"content":{"rendered":"\n<div class=\"wp-block-media-text alignwide\" style=\"grid-template-columns:21% auto\"><figure class=\"wp-block-media-text__media\"><img loading=\"lazy\" decoding=\"async\" width=\"100\" height=\"140\" src=\"https:\/\/www.cheminsfaisant.org\/site\/wp-content\/uploads\/2014\/05\/LaGreceDeLOmbre.jpg\" alt=\"\" class=\"wp-image-1403\"\/><\/figure><div class=\"wp-block-media-text__content\">\n<p>Pr\u00e9sentation d&rsquo;ouvrages et lectures <\/p>\n\n\n\n<p>le mercredi 21 mai \u00e0 partir de 18h 30<br>\u00e0 la librairie&nbsp;<strong>L\u2019\u00e9cume des pages<\/strong>,<br>6 rue Rochechouart,<br>7509 Paris.<\/p>\n<\/div><\/div>\n\n\n\n<p>Nouvelle \u00e9dition du recueil&nbsp;<strong>La Gr\u00e8ce de l\u2019ombre<\/strong>,<br>traductions des chansons rebetik par Jacques Lacarri\u00e8re et Michel Volkovitch<br>aux \u00e9ditions Le miel des anges<\/p>\n\n\n\n<p><strong>&#8211; La Gr\u00e8ce de l\u2019ombre<\/strong>, traductions des chansons rebetik par Jacques Lacarri\u00e8re et Michel Volkovitch aux \u00e9ditions Le miel des Anges&nbsp;<\/p>\n\n\n\n<p><strong>&#8211; Gr\u00e9cit\u00e9<\/strong>, de Yannis Ritsos, dans la traduction de Jacques Lacarri\u00e8re aux \u00e9ditions Bruno Doucey. Edition bilingue.<\/p>\n\n\n\n<p><strong>&#8211; Mirologues<\/strong>, po\u00e8mes de Jacques lacarri\u00e8re aux \u00e9ditions Cheyne.<\/p>\n\n\n\n<table class=\"wp-block-table\"><tbody><tr><td><\/td><td><a rel=\"noreferrer noopener\" href=\"http:\/\/www.ecumedespages.com\/index.php\" target=\"_blank\">L&rsquo;Ecume des Pages<\/a><\/td><\/tr><\/tbody><\/table>\n\n\n\n<p><\/p>\n","protected":false},"excerpt":{"rendered":"<p>Pr\u00e9sentation d&rsquo;ouvrages et lectures le mercredi 21 mai \u00e0 partir de 18h 30\u00e0 la librairie&nbsp;L\u2019\u00e9cume des pages,6 rue Rochechouart,7509 Paris. Nouvelle \u00e9dition du recueil&nbsp;La Gr\u00e8ce de l\u2019ombre,traductions des chansons rebetik par Jacques Lacarri\u00e8re et Michel Volkovitchaux \u00e9ditions Le miel des anges &#8211; La Gr\u00e8ce de l\u2019ombre, traductions des chansons rebetik par Jacques Lacarri\u00e8re et Michel &hellip; <\/p>\n<p class=\"link-more\"><a href=\"https:\/\/www.cheminsfaisant.org\/site\/2014\/05\/26\/la-grece-de-lombre\/\" class=\"more-link\">Continuer la lecture<span class=\"screen-reader-text\"> de &laquo;&nbsp;La Gr\u00e8ce de l&rsquo;Ombre&nbsp;&raquo;<\/span><\/a><\/p>\n","protected":false},"author":1,"featured_media":0,"comment_status":"closed","ping_status":"closed","sticky":false,"template":"","format":"standard","meta":{"footnotes":""},"categories":[24],"tags":[],"class_list":["post-1147","post","type-post","status-publish","format-standard","hentry","category-24"],"_links":{"self":[{"href":"https:\/\/www.cheminsfaisant.org\/site\/wp-json\/wp\/v2\/posts\/1147","targetHints":{"allow":["GET"]}}],"collection":[{"href":"https:\/\/www.cheminsfaisant.org\/site\/wp-json\/wp\/v2\/posts"}],"about":[{"href":"https:\/\/www.cheminsfaisant.org\/site\/wp-json\/wp\/v2\/types\/post"}],"author":[{"embeddable":true,"href":"https:\/\/www.cheminsfaisant.org\/site\/wp-json\/wp\/v2\/users\/1"}],"replies":[{"embeddable":true,"href":"https:\/\/www.cheminsfaisant.org\/site\/wp-json\/wp\/v2\/comments?post=1147"}],"version-history":[{"count":1,"href":"https:\/\/www.cheminsfaisant.org\/site\/wp-json\/wp\/v2\/posts\/1147\/revisions"}],"predecessor-version":[{"id":1404,"href":"https:\/\/www.cheminsfaisant.org\/site\/wp-json\/wp\/v2\/posts\/1147\/revisions\/1404"}],"wp:attachment":[{"href":"https:\/\/www.cheminsfaisant.org\/site\/wp-json\/wp\/v2\/media?parent=1147"}],"wp:term":[{"taxonomy":"category","embeddable":true,"href":"https:\/\/www.cheminsfaisant.org\/site\/wp-json\/wp\/v2\/categories?post=1147"},{"taxonomy":"post_tag","embeddable":true,"href":"https:\/\/www.cheminsfaisant.org\/site\/wp-json\/wp\/v2\/tags?post=1147"}],"curies":[{"name":"wp","href":"https:\/\/api.w.org\/{rel}","templated":true}]}}