{"id":1095,"date":"2007-05-26T11:13:59","date_gmt":"2007-05-26T09:13:59","guid":{"rendered":"http:\/\/localhost:8888\/site\/?p=1078"},"modified":"2019-06-10T21:32:41","modified_gmt":"2019-06-10T19:32:41","slug":"promenade-en-grece-avec-jacques-lacarriere-paris","status":"publish","type":"post","link":"https:\/\/www.cheminsfaisant.org\/site\/2007\/05\/26\/promenade-en-grece-avec-jacques-lacarriere-paris\/","title":{"rendered":"Promenade en Gr\u00e8ce avec Jacques Lacarri\u00e8re Paris"},"content":{"rendered":"\n<figure class=\"wp-block-image\"><img loading=\"lazy\" decoding=\"async\" width=\"200\" height=\"132\" src=\"https:\/\/www.cheminsfaisant.org\/site\/wp-content\/uploads\/2019\/05\/Grece_ete.jpg\" alt=\"\" class=\"wp-image-1086\"\/><\/figure>\n\n\n\n<h4 class=\"wp-block-heading\">Sous l&rsquo;\u00e9gide le la Fondation Hell\u00e9nique<\/h4>\n\n\n\n<p>Le mardi 24 avril de 20h \u00e0 23h<\/p>\n\n\n\n<p>La manifestation rendra hommage \u00e0 l\u2019\u00e9crivain de \u00ab l\u2019\u00e9t\u00e9 grec \u00bb, en revenant, gr\u00e2ce \u00e0 la r\u00e9citation de Silvia Lipa-Lacarri\u00e8re, sur ses textes et en associant la musique qu\u2019il affectionnait, le R\u00e9b\u00e9tiko<\/p>\n\n\n\n<p>Avec :<br>Silvia Lipa-Lacarri\u00e8re, r\u00e9citante<br>Nicolas Syros, bouzouki et chant<br>Menelas Evgenidis, guitare<\/p>\n\n\n\n<p>Renseignements \u2013 r\u00e9servations :<br>Fondation Hell\u00e9nique 47B Bd Jourdan 75014 Paris, 01 58 10 21 00\/22 20\/22 30\/<br>Tarifs : 15 \u20ac &#8211; r\u00e9sidents CIUP : 8 \u20ac<br><br><\/p>\n\n\n\n<table class=\"wp-block-table\"><tbody><tr><td><\/td><td><a href=\"http:\/\/www.fondation-hellenique.fr\">La Fondation Hell\u00e9nique<\/a><\/td><\/tr><\/tbody><\/table>\n","protected":false},"excerpt":{"rendered":"<p>Sous l&rsquo;\u00e9gide le la Fondation Hell\u00e9nique Le mardi 24 avril de 20h \u00e0 23h La manifestation rendra hommage \u00e0 l\u2019\u00e9crivain de \u00ab l\u2019\u00e9t\u00e9 grec \u00bb, en revenant, gr\u00e2ce \u00e0 la r\u00e9citation de Silvia Lipa-Lacarri\u00e8re, sur ses textes et en associant la musique qu\u2019il affectionnait, le R\u00e9b\u00e9tiko Avec :Silvia Lipa-Lacarri\u00e8re, r\u00e9citanteNicolas Syros, bouzouki et chantMenelas Evgenidis, &hellip; <\/p>\n<p class=\"link-more\"><a href=\"https:\/\/www.cheminsfaisant.org\/site\/2007\/05\/26\/promenade-en-grece-avec-jacques-lacarriere-paris\/\" class=\"more-link\">Continuer la lecture<span class=\"screen-reader-text\"> de &laquo;&nbsp;Promenade en Gr\u00e8ce avec Jacques Lacarri\u00e8re Paris&nbsp;&raquo;<\/span><\/a><\/p>\n","protected":false},"author":1,"featured_media":0,"comment_status":"closed","ping_status":"closed","sticky":false,"template":"","format":"standard","meta":{"footnotes":""},"categories":[21],"tags":[],"class_list":["post-1095","post","type-post","status-publish","format-standard","hentry","category-21"],"_links":{"self":[{"href":"https:\/\/www.cheminsfaisant.org\/site\/wp-json\/wp\/v2\/posts\/1095","targetHints":{"allow":["GET"]}}],"collection":[{"href":"https:\/\/www.cheminsfaisant.org\/site\/wp-json\/wp\/v2\/posts"}],"about":[{"href":"https:\/\/www.cheminsfaisant.org\/site\/wp-json\/wp\/v2\/types\/post"}],"author":[{"embeddable":true,"href":"https:\/\/www.cheminsfaisant.org\/site\/wp-json\/wp\/v2\/users\/1"}],"replies":[{"embeddable":true,"href":"https:\/\/www.cheminsfaisant.org\/site\/wp-json\/wp\/v2\/comments?post=1095"}],"version-history":[{"count":1,"href":"https:\/\/www.cheminsfaisant.org\/site\/wp-json\/wp\/v2\/posts\/1095\/revisions"}],"predecessor-version":[{"id":1285,"href":"https:\/\/www.cheminsfaisant.org\/site\/wp-json\/wp\/v2\/posts\/1095\/revisions\/1285"}],"wp:attachment":[{"href":"https:\/\/www.cheminsfaisant.org\/site\/wp-json\/wp\/v2\/media?parent=1095"}],"wp:term":[{"taxonomy":"category","embeddable":true,"href":"https:\/\/www.cheminsfaisant.org\/site\/wp-json\/wp\/v2\/categories?post=1095"},{"taxonomy":"post_tag","embeddable":true,"href":"https:\/\/www.cheminsfaisant.org\/site\/wp-json\/wp\/v2\/tags?post=1095"}],"curies":[{"name":"wp","href":"https:\/\/api.w.org\/{rel}","templated":true}]}}